{"id":1060,"date":"2025-12-02T14:22:03","date_gmt":"2025-12-02T14:22:03","guid":{"rendered":"https:\/\/scoalaberceniph.ro\/?p=1060"},"modified":"2025-12-16T10:31:04","modified_gmt":"2025-12-16T10:31:04","slug":"eveniment-1-decembrie-2025","status":"publish","type":"post","link":"https:\/\/scoalaberceniph.ro\/index.php\/2025\/12\/02\/eveniment-1-decembrie-2025\/","title":{"rendered":"Eveniment 1 Decembrie 2025"},"content":{"rendered":"<p>Evenimentul a debutat printr-un moment solemn: Elevii,cadrele didactice,membrii autoritatilor locale,au intonat \u00eempreun\u0103 Imnul Na\u021bional al Rom\u00e2niei, cre\u00e2nd o atmosfer\u0103 \u00eenc\u0103rcat\u0103 de emo\u021bie \u0219i respect fa\u021b\u0103 de valorile na\u021bionale.<\/p>\n<p>\u00cen continuare, elevii \u0219colii au prezentat un scurt program artistic, preg\u0103tit cu implicare \u0219i entuziasm.<\/p>\n<p>Un moment deosebit l-a constituit corul format din elevii \u0219colii, care a interpretat c\u00e2ntece patriotice ce au adus \u00een prim-plan unitatea, tradi\u021bia \u0219i dragostea pentru \u021bar\u0103.<\/p>\n<p>Programul a inclus \u0219i recit\u0103ri de poezii dedicate Rom\u00e2niei, sus\u021binute de elevi din mai multe clase. Copiii au transmis, prin vers \u0219i emo\u021bie, mesajul Marii Uniri \u0219i al identit\u0103\u021bii na\u021bionale.<\/p>\n<p>Activitatea s-a \u00eencheiat \u00eentr-o atmosfer\u0103 festiv\u0103, iar elevii au demonstrat \u00eenc\u0103 o dat\u0103 c\u0103 \u00een\u021beleg \u0219i respect\u0103 semnifica\u021bia acestei zile importante pentru istoria Rom\u00e2niei.<\/p>\n<p><a ref=\"magnificPopup\" href=\"https:\/\/scoalaberceniph.ro\/wp-content\/uploads\/2025\/12\/WhatsApp-Image-2025-12-02-at-11.28.38.jpeg\"><img loading=\"lazy\" decoding=\"async\" class=\"alignnone wp-image-1061 size-medium\" src=\"https:\/\/scoalaberceniph.ro\/wp-content\/uploads\/2025\/12\/WhatsApp-Image-2025-12-02-at-11.28.38-300x225.jpeg\" alt=\"\" width=\"300\" height=\"225\" srcset=\"https:\/\/scoalaberceniph.ro\/wp-content\/uploads\/2025\/12\/WhatsApp-Image-2025-12-02-at-11.28.38-300x225.jpeg 300w, https:\/\/scoalaberceniph.ro\/wp-content\/uploads\/2025\/12\/WhatsApp-Image-2025-12-02-at-11.28.38-1024x768.jpeg 1024w, https:\/\/scoalaberceniph.ro\/wp-content\/uploads\/2025\/12\/WhatsApp-Image-2025-12-02-at-11.28.38.jpeg 2016w\" sizes=\"auto, (max-width: 300px) 100vw, 300px\" \/><\/a> <a ref=\"magnificPopup\" href=\"https:\/\/scoalaberceniph.ro\/wp-content\/uploads\/2025\/12\/WhatsApp-Image-2025-12-02-at-11.29.16.jpeg\"><img loading=\"lazy\" decoding=\"async\" class=\"alignnone wp-image-1062 size-medium\" src=\"https:\/\/scoalaberceniph.ro\/wp-content\/uploads\/2025\/12\/WhatsApp-Image-2025-12-02-at-11.29.16-300x169.jpeg\" alt=\"\" width=\"300\" height=\"169\" srcset=\"https:\/\/scoalaberceniph.ro\/wp-content\/uploads\/2025\/12\/WhatsApp-Image-2025-12-02-at-11.29.16-300x169.jpeg 300w, https:\/\/scoalaberceniph.ro\/wp-content\/uploads\/2025\/12\/WhatsApp-Image-2025-12-02-at-11.29.16-1024x576.jpeg 1024w, https:\/\/scoalaberceniph.ro\/wp-content\/uploads\/2025\/12\/WhatsApp-Image-2025-12-02-at-11.29.16.jpeg 1600w\" sizes=\"auto, (max-width: 300px) 100vw, 300px\" \/><\/a> <a ref=\"magnificPopup\" href=\"https:\/\/scoalaberceniph.ro\/wp-content\/uploads\/2025\/12\/WhatsApp-Image-2025-12-02-at-11.54.17.jpeg\"><img loading=\"lazy\" decoding=\"async\" class=\"alignnone wp-image-1063 size-medium\" src=\"https:\/\/scoalaberceniph.ro\/wp-content\/uploads\/2025\/12\/WhatsApp-Image-2025-12-02-at-11.54.17-300x200.jpeg\" alt=\"\" width=\"300\" height=\"200\" srcset=\"https:\/\/scoalaberceniph.ro\/wp-content\/uploads\/2025\/12\/WhatsApp-Image-2025-12-02-at-11.54.17-300x200.jpeg 300w, https:\/\/scoalaberceniph.ro\/wp-content\/uploads\/2025\/12\/WhatsApp-Image-2025-12-02-at-11.54.17-1024x682.jpeg 1024w, https:\/\/scoalaberceniph.ro\/wp-content\/uploads\/2025\/12\/WhatsApp-Image-2025-12-02-at-11.54.17.jpeg 1600w\" sizes=\"auto, (max-width: 300px) 100vw, 300px\" \/><\/a> <a ref=\"magnificPopup\" href=\"https:\/\/scoalaberceniph.ro\/wp-content\/uploads\/2025\/12\/WhatsApp-Image-2025-12-02-at-11.54.22.jpeg\"><img loading=\"lazy\" decoding=\"async\" class=\"alignnone wp-image-1064 size-medium\" src=\"https:\/\/scoalaberceniph.ro\/wp-content\/uploads\/2025\/12\/WhatsApp-Image-2025-12-02-at-11.54.22-300x200.jpeg\" alt=\"\" width=\"300\" height=\"200\" srcset=\"https:\/\/scoalaberceniph.ro\/wp-content\/uploads\/2025\/12\/WhatsApp-Image-2025-12-02-at-11.54.22-300x200.jpeg 300w, https:\/\/scoalaberceniph.ro\/wp-content\/uploads\/2025\/12\/WhatsApp-Image-2025-12-02-at-11.54.22-1024x682.jpeg 1024w, https:\/\/scoalaberceniph.ro\/wp-content\/uploads\/2025\/12\/WhatsApp-Image-2025-12-02-at-11.54.22.jpeg 1600w\" sizes=\"auto, (max-width: 300px) 100vw, 300px\" \/><\/a><\/p>\n","protected":false},"excerpt":{"rendered":"<p>Evenimentul a debutat printr-un moment solemn: Elevii,cadrele didactice,membrii autoritatilor locale,au intonat \u00eempreun\u0103 Imnul Na\u021bional al Rom\u00e2niei, cre\u00e2nd o atmosfer\u0103 \u00eenc\u0103rcat\u0103 de emo\u021bie \u0219i respect fa\u021b\u0103 de valorile na\u021bionale. \u00cen continuare, elevii \u0219colii au prezentat un scurt program artistic, preg\u0103tit cu implicare \u0219i entuziasm. Un moment deosebit l-a constituit corul format din elevii \u0219colii, care a&#8230;<\/p>\n","protected":false},"author":1,"featured_media":0,"comment_status":"closed","ping_status":"closed","sticky":false,"template":"","format":"standard","meta":{"footnotes":""},"categories":[3],"tags":[],"class_list":["post-1060","post","type-post","status-publish","format-standard","hentry","category-alte-informatii"],"_links":{"self":[{"href":"https:\/\/scoalaberceniph.ro\/index.php\/wp-json\/wp\/v2\/posts\/1060","targetHints":{"allow":["GET"]}}],"collection":[{"href":"https:\/\/scoalaberceniph.ro\/index.php\/wp-json\/wp\/v2\/posts"}],"about":[{"href":"https:\/\/scoalaberceniph.ro\/index.php\/wp-json\/wp\/v2\/types\/post"}],"author":[{"embeddable":true,"href":"https:\/\/scoalaberceniph.ro\/index.php\/wp-json\/wp\/v2\/users\/1"}],"replies":[{"embeddable":true,"href":"https:\/\/scoalaberceniph.ro\/index.php\/wp-json\/wp\/v2\/comments?post=1060"}],"version-history":[{"count":1,"href":"https:\/\/scoalaberceniph.ro\/index.php\/wp-json\/wp\/v2\/posts\/1060\/revisions"}],"predecessor-version":[{"id":1065,"href":"https:\/\/scoalaberceniph.ro\/index.php\/wp-json\/wp\/v2\/posts\/1060\/revisions\/1065"}],"wp:attachment":[{"href":"https:\/\/scoalaberceniph.ro\/index.php\/wp-json\/wp\/v2\/media?parent=1060"}],"wp:term":[{"taxonomy":"category","embeddable":true,"href":"https:\/\/scoalaberceniph.ro\/index.php\/wp-json\/wp\/v2\/categories?post=1060"},{"taxonomy":"post_tag","embeddable":true,"href":"https:\/\/scoalaberceniph.ro\/index.php\/wp-json\/wp\/v2\/tags?post=1060"}],"curies":[{"name":"wp","href":"https:\/\/api.w.org\/{rel}","templated":true}]}}