{"id":1103,"date":"2026-03-09T14:04:07","date_gmt":"2026-03-09T14:04:07","guid":{"rendered":"https:\/\/scoalaberceniph.ro\/?p=1103"},"modified":"2026-04-02T10:44:00","modified_gmt":"2026-04-02T10:44:00","slug":"activitate-in-cadrul-saptamanii-protectiei-civile","status":"publish","type":"post","link":"https:\/\/scoalaberceniph.ro\/index.php\/2026\/03\/09\/activitate-in-cadrul-saptamanii-protectiei-civile\/","title":{"rendered":"Activitate \u00een cadrul \u201eS\u0103pt\u0103m\u00e2nii Protec\u021biei Civile\u201d"},"content":{"rendered":"<p>Activitate \u00een cadrul \u201eS\u0103pt\u0103m\u00e2nii Protec\u021biei Civile\u201d<\/p>\n<p>\u00cen data de 04.03.2026, \u00een cadrul activit\u0103\u021bilor dedicate \u201eS\u0103pt\u0103m\u00e2nii Protec\u021biei Civile\u201d, elevii \u0218colii Gimnaziale Comuna Berceni au avut ocazia de a participa la o activitate educativ\u0103 organizat\u0103 \u00eempreun\u0103 cu reprezentan\u021bii Inspectoratului pentru Situa\u021bii de Urgen\u021b\u0103 Prahova.<\/p>\n<p>Pompierii au adus \u00een curtea \u0219colii o autospecial\u0103 de interven\u021bie, pe care au prezentat-o elevilor, explic\u00e2nd rolul fiec\u0103rui echipament utilizat \u00een misiunile de salvare \u0219i interven\u021bie.<\/p>\n<p>Pe parcursul activit\u0103\u021bii, elevii au aflat informa\u021bii importante despre modul de ac\u021biune \u00een situa\u021bii de urgen\u021b\u0103 \u0219i au primit recomand\u0103ri privind comportamentul corect \u00een cazul producerii unor incendii sau al altor situa\u021bii periculoase.<\/p>\n<p>De asemenea, pompierii le-au prezentat elevilor c\u00e2teva reguli esen\u021biale pentru siguran\u021ba personal\u0103, subliniind importan\u021ba prevenirii situa\u021biilor de risc \u0219i a respect\u0103rii indica\u021biilor autorit\u0103\u021bilor.<\/p>\n<p>Activitatea a fost primit\u0103 cu mult interes de c\u0103tre elevi, care au adresat \u00eentreb\u0103ri \u0219i au avut ocazia s\u0103 observe \u00eendeaproape echipamentele utilizate de pompieri.<\/p>\n<p><a ref=\"magnificPopup\" href=\"https:\/\/scoalaberceniph.ro\/wp-content\/uploads\/2026\/03\/WhatsApp-Image-2026-03-09-at-12.34.10.jpeg\"><img loading=\"lazy\" decoding=\"async\" class=\"alignnone wp-image-1104 size-medium\" src=\"https:\/\/scoalaberceniph.ro\/wp-content\/uploads\/2026\/03\/WhatsApp-Image-2026-03-09-at-12.34.10-300x225.jpeg\" alt=\"\" width=\"300\" height=\"225\" srcset=\"https:\/\/scoalaberceniph.ro\/wp-content\/uploads\/2026\/03\/WhatsApp-Image-2026-03-09-at-12.34.10-300x225.jpeg 300w, https:\/\/scoalaberceniph.ro\/wp-content\/uploads\/2026\/03\/WhatsApp-Image-2026-03-09-at-12.34.10-1024x768.jpeg 1024w, https:\/\/scoalaberceniph.ro\/wp-content\/uploads\/2026\/03\/WhatsApp-Image-2026-03-09-at-12.34.10.jpeg 2000w\" sizes=\"auto, (max-width: 300px) 100vw, 300px\" \/><\/a> <a ref=\"magnificPopup\" href=\"https:\/\/scoalaberceniph.ro\/wp-content\/uploads\/2026\/03\/WhatsApp-Image-2026-03-09-at-12.38.47.jpeg\"><img loading=\"lazy\" decoding=\"async\" class=\"alignnone wp-image-1105 size-medium\" src=\"https:\/\/scoalaberceniph.ro\/wp-content\/uploads\/2026\/03\/WhatsApp-Image-2026-03-09-at-12.38.47-300x140.jpeg\" alt=\"\" width=\"300\" height=\"140\" srcset=\"https:\/\/scoalaberceniph.ro\/wp-content\/uploads\/2026\/03\/WhatsApp-Image-2026-03-09-at-12.38.47-300x140.jpeg 300w, https:\/\/scoalaberceniph.ro\/wp-content\/uploads\/2026\/03\/WhatsApp-Image-2026-03-09-at-12.38.47-1024x478.jpeg 1024w, https:\/\/scoalaberceniph.ro\/wp-content\/uploads\/2026\/03\/WhatsApp-Image-2026-03-09-at-12.38.47.jpeg 2000w\" sizes=\"auto, (max-width: 300px) 100vw, 300px\" \/><\/a> <a ref=\"magnificPopup\" href=\"https:\/\/scoalaberceniph.ro\/wp-content\/uploads\/2026\/03\/WhatsApp-Image-2026-03-09-at-12.40.10.jpeg\"><img loading=\"lazy\" decoding=\"async\" class=\"alignnone wp-image-1106 size-medium\" src=\"https:\/\/scoalaberceniph.ro\/wp-content\/uploads\/2026\/03\/WhatsApp-Image-2026-03-09-at-12.40.10-300x225.jpeg\" alt=\"\" width=\"300\" height=\"225\" srcset=\"https:\/\/scoalaberceniph.ro\/wp-content\/uploads\/2026\/03\/WhatsApp-Image-2026-03-09-at-12.40.10-300x225.jpeg 300w, https:\/\/scoalaberceniph.ro\/wp-content\/uploads\/2026\/03\/WhatsApp-Image-2026-03-09-at-12.40.10-1024x768.jpeg 1024w, https:\/\/scoalaberceniph.ro\/wp-content\/uploads\/2026\/03\/WhatsApp-Image-2026-03-09-at-12.40.10.jpeg 2000w\" sizes=\"auto, (max-width: 300px) 100vw, 300px\" \/><\/a><\/p>\n","protected":false},"excerpt":{"rendered":"<p>Activitate \u00een cadrul \u201eS\u0103pt\u0103m\u00e2nii Protec\u021biei Civile\u201d \u00cen data de 04.03.2026, \u00een cadrul activit\u0103\u021bilor dedicate \u201eS\u0103pt\u0103m\u00e2nii Protec\u021biei Civile\u201d, elevii \u0218colii Gimnaziale Comuna Berceni au avut ocazia de a participa la o activitate educativ\u0103 organizat\u0103 \u00eempreun\u0103 cu reprezentan\u021bii Inspectoratului pentru Situa\u021bii de Urgen\u021b\u0103 Prahova. Pompierii au adus \u00een curtea \u0219colii o autospecial\u0103 de interven\u021bie, pe care au&#8230;<\/p>\n","protected":false},"author":1,"featured_media":0,"comment_status":"closed","ping_status":"closed","sticky":false,"template":"","format":"standard","meta":{"footnotes":""},"categories":[22],"tags":[],"class_list":["post-1103","post","type-post","status-publish","format-standard","hentry","category-activitati-scolare"],"_links":{"self":[{"href":"https:\/\/scoalaberceniph.ro\/index.php\/wp-json\/wp\/v2\/posts\/1103","targetHints":{"allow":["GET"]}}],"collection":[{"href":"https:\/\/scoalaberceniph.ro\/index.php\/wp-json\/wp\/v2\/posts"}],"about":[{"href":"https:\/\/scoalaberceniph.ro\/index.php\/wp-json\/wp\/v2\/types\/post"}],"author":[{"embeddable":true,"href":"https:\/\/scoalaberceniph.ro\/index.php\/wp-json\/wp\/v2\/users\/1"}],"replies":[{"embeddable":true,"href":"https:\/\/scoalaberceniph.ro\/index.php\/wp-json\/wp\/v2\/comments?post=1103"}],"version-history":[{"count":1,"href":"https:\/\/scoalaberceniph.ro\/index.php\/wp-json\/wp\/v2\/posts\/1103\/revisions"}],"predecessor-version":[{"id":1107,"href":"https:\/\/scoalaberceniph.ro\/index.php\/wp-json\/wp\/v2\/posts\/1103\/revisions\/1107"}],"wp:attachment":[{"href":"https:\/\/scoalaberceniph.ro\/index.php\/wp-json\/wp\/v2\/media?parent=1103"}],"wp:term":[{"taxonomy":"category","embeddable":true,"href":"https:\/\/scoalaberceniph.ro\/index.php\/wp-json\/wp\/v2\/categories?post=1103"},{"taxonomy":"post_tag","embeddable":true,"href":"https:\/\/scoalaberceniph.ro\/index.php\/wp-json\/wp\/v2\/tags?post=1103"}],"curies":[{"name":"wp","href":"https:\/\/api.w.org\/{rel}","templated":true}]}}