{"id":1138,"date":"2026-03-26T14:53:39","date_gmt":"2026-03-26T14:53:39","guid":{"rendered":"https:\/\/scoalaberceniph.ro\/?p=1138"},"modified":"2026-04-02T10:43:49","modified_gmt":"2026-04-02T10:43:49","slug":"ziua-politiei-romane","status":"publish","type":"post","link":"https:\/\/scoalaberceniph.ro\/index.php\/2026\/03\/26\/ziua-politiei-romane\/","title":{"rendered":"Ziua Poli\u021biei Rom\u00e2ne"},"content":{"rendered":"<p>\u00cen data de 25 martie 2026, cu prilejul Zilei Poli\u021biei Rom\u00e2ne, elevii \u0219colii noastre au participat la o activitate educativ\u0103 organizat\u0103 la sediul IPJ Ploie\u0219ti.<\/p>\n<p>Evenimentul a oferit copiilor oportunitatea de a descoperi mai \u00eendeaproape activitatea poli\u021bi\u0219tilor \u0219i rolul important pe care ace\u0219tia \u00eel au \u00een societate. \u00cen cadrul prezent\u0103rii, elevii au putut observa:<\/p>\n<ul>\n<li>echipamentele \u0219i armamentul utilizat de poli\u021bi\u0219ti;<\/li>\n<li>autospecialele din dotare;<\/li>\n<li>demonstra\u021bii realizate de c\u00e2inii poli\u021bi\u0219ti, care au st\u00e2rnit un interes deosebit \u00een r\u00e2ndul copiilor.<\/li>\n<\/ul>\n<p>Activitatea s-a desf\u0103\u0219urat \u00eentr-un cadru interactiv, elevii av\u00e2nd posibilitatea s\u0103 adreseze \u00eentreb\u0103ri \u0219i s\u0103 afle informa\u021bii utile despre siguran\u021b\u0103, prevenirea incidentelor \u0219i respectarea regulilor.<\/p>\n<p>Participarea la acest eveniment a contribuit la dezvoltarea spiritului civic al elevilor \u0219i la consolidarea rela\u021biei dintre comunitate \u0219i institu\u021biile de ordine public\u0103.<\/p>\n<p>Mul\u021bumim reprezentan\u021bilor Poli\u021biei Rom\u00e2ne pentru invita\u021bie \u0219i pentru implicarea \u00een educa\u021bia copiilor no\u0219tri!<\/p>\n<p><a ref=\"magnificPopup\" href=\"https:\/\/scoalaberceniph.ro\/wp-content\/uploads\/2026\/03\/WhatsApp-Image-2026-03-26-at-10.11.22.jpeg\"><img loading=\"lazy\" decoding=\"async\" class=\"alignnone wp-image-1139 size-medium\" src=\"https:\/\/scoalaberceniph.ro\/wp-content\/uploads\/2026\/03\/WhatsApp-Image-2026-03-26-at-10.11.22-233x300.jpeg\" alt=\"\" width=\"233\" height=\"300\" srcset=\"https:\/\/scoalaberceniph.ro\/wp-content\/uploads\/2026\/03\/WhatsApp-Image-2026-03-26-at-10.11.22-233x300.jpeg 233w, https:\/\/scoalaberceniph.ro\/wp-content\/uploads\/2026\/03\/WhatsApp-Image-2026-03-26-at-10.11.22-794x1024.jpeg 794w, https:\/\/scoalaberceniph.ro\/wp-content\/uploads\/2026\/03\/WhatsApp-Image-2026-03-26-at-10.11.22.jpeg 1588w\" sizes=\"auto, (max-width: 233px) 100vw, 233px\" \/><\/a> <a ref=\"magnificPopup\" href=\"https:\/\/scoalaberceniph.ro\/wp-content\/uploads\/2026\/03\/WhatsApp-Image-2026-03-26-at-10.11.41.jpeg\"><img loading=\"lazy\" decoding=\"async\" class=\"alignnone wp-image-1140 size-medium\" src=\"https:\/\/scoalaberceniph.ro\/wp-content\/uploads\/2026\/03\/WhatsApp-Image-2026-03-26-at-10.11.41-300x213.jpeg\" alt=\"\" width=\"300\" height=\"213\" srcset=\"https:\/\/scoalaberceniph.ro\/wp-content\/uploads\/2026\/03\/WhatsApp-Image-2026-03-26-at-10.11.41-300x213.jpeg 300w, https:\/\/scoalaberceniph.ro\/wp-content\/uploads\/2026\/03\/WhatsApp-Image-2026-03-26-at-10.11.41-1024x726.jpeg 1024w, https:\/\/scoalaberceniph.ro\/wp-content\/uploads\/2026\/03\/WhatsApp-Image-2026-03-26-at-10.11.41.jpeg 2048w\" sizes=\"auto, (max-width: 300px) 100vw, 300px\" \/><\/a> <a ref=\"magnificPopup\" href=\"https:\/\/scoalaberceniph.ro\/wp-content\/uploads\/2026\/03\/WhatsApp-Image-2026-03-26-at-10.12.25.jpeg\"><img loading=\"lazy\" decoding=\"async\" class=\"alignnone wp-image-1141 size-medium\" src=\"https:\/\/scoalaberceniph.ro\/wp-content\/uploads\/2026\/03\/WhatsApp-Image-2026-03-26-at-10.12.25-300x140.jpeg\" alt=\"\" width=\"300\" height=\"140\" srcset=\"https:\/\/scoalaberceniph.ro\/wp-content\/uploads\/2026\/03\/WhatsApp-Image-2026-03-26-at-10.12.25-300x140.jpeg 300w, https:\/\/scoalaberceniph.ro\/wp-content\/uploads\/2026\/03\/WhatsApp-Image-2026-03-26-at-10.12.25-1024x478.jpeg 1024w, https:\/\/scoalaberceniph.ro\/wp-content\/uploads\/2026\/03\/WhatsApp-Image-2026-03-26-at-10.12.25.jpeg 2000w\" sizes=\"auto, (max-width: 300px) 100vw, 300px\" \/><\/a><\/p>\n","protected":false},"excerpt":{"rendered":"<p>\u00cen data de 25 martie 2026, cu prilejul Zilei Poli\u021biei Rom\u00e2ne, elevii \u0219colii noastre au participat la o activitate educativ\u0103 organizat\u0103 la sediul IPJ Ploie\u0219ti. Evenimentul a oferit copiilor oportunitatea de a descoperi mai \u00eendeaproape activitatea poli\u021bi\u0219tilor \u0219i rolul important pe care ace\u0219tia \u00eel au \u00een societate. \u00cen cadrul prezent\u0103rii, elevii au putut observa: echipamentele&#8230;<\/p>\n","protected":false},"author":1,"featured_media":0,"comment_status":"closed","ping_status":"closed","sticky":false,"template":"","format":"standard","meta":{"footnotes":""},"categories":[22],"tags":[],"class_list":["post-1138","post","type-post","status-publish","format-standard","hentry","category-activitati-scolare"],"_links":{"self":[{"href":"https:\/\/scoalaberceniph.ro\/index.php\/wp-json\/wp\/v2\/posts\/1138","targetHints":{"allow":["GET"]}}],"collection":[{"href":"https:\/\/scoalaberceniph.ro\/index.php\/wp-json\/wp\/v2\/posts"}],"about":[{"href":"https:\/\/scoalaberceniph.ro\/index.php\/wp-json\/wp\/v2\/types\/post"}],"author":[{"embeddable":true,"href":"https:\/\/scoalaberceniph.ro\/index.php\/wp-json\/wp\/v2\/users\/1"}],"replies":[{"embeddable":true,"href":"https:\/\/scoalaberceniph.ro\/index.php\/wp-json\/wp\/v2\/comments?post=1138"}],"version-history":[{"count":1,"href":"https:\/\/scoalaberceniph.ro\/index.php\/wp-json\/wp\/v2\/posts\/1138\/revisions"}],"predecessor-version":[{"id":1142,"href":"https:\/\/scoalaberceniph.ro\/index.php\/wp-json\/wp\/v2\/posts\/1138\/revisions\/1142"}],"wp:attachment":[{"href":"https:\/\/scoalaberceniph.ro\/index.php\/wp-json\/wp\/v2\/media?parent=1138"}],"wp:term":[{"taxonomy":"category","embeddable":true,"href":"https:\/\/scoalaberceniph.ro\/index.php\/wp-json\/wp\/v2\/categories?post=1138"},{"taxonomy":"post_tag","embeddable":true,"href":"https:\/\/scoalaberceniph.ro\/index.php\/wp-json\/wp\/v2\/tags?post=1138"}],"curies":[{"name":"wp","href":"https:\/\/api.w.org\/{rel}","templated":true}]}}